{"id":4,"date":"2014-11-18T14:59:36","date_gmt":"2014-11-18T14:59:36","guid":{"rendered":"http:\/\/christosclairis.fr\/?p=4"},"modified":"2023-05-31T09:58:58","modified_gmt":"2023-05-31T08:58:58","slug":"site-personnel-de-christos-clairis","status":"publish","type":"post","link":"http:\/\/christosclairis.fr\/fr_FR\/site-personnel-de-christos-clairis\/","title":{"rendered":"Site personnel de Christos Clairis"},"content":{"rendered":"<p style=\"text-align: justify;\">Christos CLAIRIS, professeur \u00e9m\u00e9rite de linguistique g\u00e9n\u00e9rale \u00e0 la Sorbonne, Universit\u00e9 Paris Descartes et vice-pr\u00e9sident de la Soci\u00e9t\u00e9 Internationale de Linguistique Fonctionnelle (<a href=\"http:\/\/www.silf-la-linguistique.org\/\" target=\"_blank\" rel=\"noopener\">SILF<\/a>), est n\u00e9 \u00e0 Istanbul en 1941.<a href=\"http:\/\/christosclairis.fr\/wp-content\/uploads\/2014\/11\/CC-THEDEL.jpg\"><img loading=\"lazy\" class=\"wp-image-54 alignright\" src=\"http:\/\/christosclairis.fr\/wp-content\/uploads\/2014\/11\/CC-THEDEL-300x225.jpg\" alt=\"CC-THEDEL\" width=\"216\" height=\"164\"\/><\/a><\/p>\n<p style=\"text-align: justify;\">En 1960, il ach\u00e8ve ses \u00e9tudes secondaires dans sa ville natale, au lyc\u00e9e <em>\u039c\u03b5\u03b3\u1f71\u03bb\u03b7 \u03c4\u03bf\u1f7b \u0393\u1f73\u03bd\u03bf\u03c5\u03c2 \u03a3\u03c7\u03bf\u03bb\u1f75<\/em> \u00e0 Phanari et en 1965 obtient le dipl\u00f4me (ma\u00eetrise) de philologie \u00e0 l\u2019Universit\u00e9 d\u2019Ath\u00e8nes.<\/p>\n<p style=\"text-align: justify;\">De 1967 \u00e0 1969, il suit des \u00e9tudes de linguistique \u00e0 Paris o\u00f9 il obtient le <em>Dipl\u00f4me d\u2019\u00c9tudes Approfondies<\/em> sous la direction de Bernard Pottier et il s\u2019inscrit en th\u00e8se de doctorat sous la direction d\u2019Andr\u00e9 Martinet.<\/p>\n<p style=\"text-align: justify;\">De 1969 au 1976, il vit au Chili o\u00f9 il exerce comme professeur \u00e0 plein temps \u00e0 l\u2019Universit\u00e9 Catholique de Valpara\u00edso (UCV) et comme professeur \u00e0 temps partiel \u00e0 l\u2019Universit\u00e9 du Chili \u00e0 Santiago (<em>Centro de Estudios Bizantinos y Neohel\u00e9nicos<\/em>) et \u00e0 l\u2019Universit\u00e9 du Chili \u00e0 Valpara\u00edso. Il y enseigne le grec ancien, la linguistique g\u00e9n\u00e9rale, le grec moderne et l\u2019ethnolinguistique.<\/p>\n<p style=\"text-align: justify;\">Ses recherches sur les langues de la Patagonie et de la Terre de Feu le conduisent \u00e0 fonder en 1972, au sein de l\u2019Universit\u00e9 Catholique de Valpara\u00edso, le <em>Centro de Investigaci\u00f3n de Lenguas Ind\u00edgenas <\/em>(CILI) qu\u2019il dirigera jusqu\u2019\u00e0 sa suppression par les autorit\u00e9s militaires.<\/p>\n<p style=\"text-align: justify;\">Revenu en France, il occupe successivement les postes de lecteur \u00e0 l\u2019Universit\u00e9 de Nanterre-Paris 10, charg\u00e9 de cours, puis ma\u00eetre de conf\u00e9rence associ\u00e9, professeur associ\u00e9 et finalement, en 1986, professeur titulaire de linguistique g\u00e9n\u00e9rale \u00e0 Universit\u00e9 Ren\u00e9 Descartes-Paris 5, en Sorbonne.<\/p>\n<p style=\"text-align: justify;\">Auparavant, il a soutenu, en 1982, sa th\u00e8se de Doctorat d\u2019\u00c9tat intitul\u00e9e <em>Linguistique fu\u00e9gienne. Le qawasqar<\/em> sous la direction d\u2019Andr\u00e9 Martinet.<\/p>\n<p style=\"text-align: justify;\">De 1987 \u00e0 1990 il assume la direction (doyen) de l\u2019UFR de linguistique g\u00e9n\u00e9rale et appliqu\u00e9e de l\u2019Universit\u00e9 Ren\u00e9 Descartes. Avec Fernand Bentolila, il fonde, en 1992, le laboratoire <em>Th\u00e9orie et Description Linguistique (THEDEL \u2013 EA 1643 du MENRT) <\/em>dont il assume la direction de 1997 \u00e0 2009.<\/p>\n<p style=\"padding-left: 360px; text-align: right;\">&nbsp;<strong><br \/>\n<\/strong><\/p>\n<p style=\"text-align: right;\">\n","protected":false},"excerpt":{"rendered":"<p style=\"text-align: justify;\">Christos CLAIRIS, professeur \u00e9m\u00e9rite de linguistique g\u00e9n\u00e9rale \u00e0 la Sorbonne, Universit\u00e9 Paris Descartes et vice-pr\u00e9sident de la Soci\u00e9t\u00e9 Internationale de Linguistique Fonctionnelle (<a href=\"http:\/\/www.silf-la-linguist...\n<\/p>\n","protected":false},"author":2,"featured_media":0,"comment_status":"open","ping_status":"open","sticky":false,"template":"","format":"standard","meta":[],"categories":[1],"tags":[],"_links":{"self":[{"href":"http:\/\/christosclairis.fr\/fr_FR\/wp-json\/wp\/v2\/posts\/4"}],"collection":[{"href":"http:\/\/christosclairis.fr\/fr_FR\/wp-json\/wp\/v2\/posts"}],"about":[{"href":"http:\/\/christosclairis.fr\/fr_FR\/wp-json\/wp\/v2\/types\/post"}],"author":[{"embeddable":true,"href":"http:\/\/christosclairis.fr\/fr_FR\/wp-json\/wp\/v2\/users\/2"}],"replies":[{"embeddable":true,"href":"http:\/\/christosclairis.fr\/fr_FR\/wp-json\/wp\/v2\/comments?post=4"}],"version-history":[{"count":30,"href":"http:\/\/christosclairis.fr\/fr_FR\/wp-json\/wp\/v2\/posts\/4\/revisions"}],"predecessor-version":[{"id":1300,"href":"http:\/\/christosclairis.fr\/fr_FR\/wp-json\/wp\/v2\/posts\/4\/revisions\/1300"}],"wp:attachment":[{"href":"http:\/\/christosclairis.fr\/fr_FR\/wp-json\/wp\/v2\/media?parent=4"}],"wp:term":[{"taxonomy":"category","embeddable":true,"href":"http:\/\/christosclairis.fr\/fr_FR\/wp-json\/wp\/v2\/categories?post=4"},{"taxonomy":"post_tag","embeddable":true,"href":"http:\/\/christosclairis.fr\/fr_FR\/wp-json\/wp\/v2\/tags?post=4"}],"curies":[{"name":"wp","href":"https:\/\/api.w.org\/{rel}","templated":true}]}}